{"id":383,"date":"2021-09-11T11:56:42","date_gmt":"2021-09-11T09:56:42","guid":{"rendered":"http:\/\/philipphandler.ch\/?p=383"},"modified":"2021-09-11T11:56:43","modified_gmt":"2021-09-11T09:56:43","slug":"tokyo-2020-on-swiss-national-tv","status":"publish","type":"post","link":"https:\/\/philipphandler.ch\/?p=383","title":{"rendered":"Tokyo 2020 on Swiss National TV"},"content":{"rendered":"\n<p>(As the below links refer to Swiss(german) broadcasts, below text is also only in German :-))<\/p>\n\n\n\n<p><br>Obwohl in Tokyo selbst keine Zuschauer zugelassen waren, waren die Paralympics in der Schweiz medial einiges pr\u00e4senter als bei vergangenen Spielen.<\/p>\n\n\n\n<p>F\u00fcr die Paralympics 2020 hatte das Schweizer Fernsehen ein t\u00e4gliches, halbst\u00fcndiges Magazin mit Jahn Graf, bei welchem er jeweils mit verschiedenen G\u00e4sten diskutierte und die Highlights der Paralympics aus Schweizer Sicht analysierte.<\/p>\n\n\n\n<p>Die erste Sendung zeigte die Highlights der Er\u00f6ffnungsfeier, inklusive eines Interviews nach der Er\u00f6ffnungsfeier mit mir. Dazu auch die Parachallenge Folge mit mir, bei welcher Christoph Muggler vom SRF sich mit verschiedenen Paralympischen Athleten misst und in ihre Sportart eintaucht.<\/p>\n\n\n\n<p><\/p>\n\n\n\n<div class=\"wp-block-buttons is-layout-flex wp-block-buttons-is-layout-flex\">\n<div class=\"wp-block-button\"><a class=\"wp-block-button__link\" href=\"https:\/\/www.srf.ch\/play\/tv\/sport-clip\/video\/para-challenge-nr--1-sehbehindert-sprinten-mit-philipp-handler?urn=urn:srf:video:02e00710-8a4a-44ef-bbaf-a34f99386cd1\" target=\"_blank\" rel=\"noreferrer noopener\">SRF Parachallenge 200m mit Sehbehinderung<\/a><\/div>\n\n\n\n<div class=\"wp-block-button\"><a class=\"wp-block-button__link\" href=\"https:\/\/www.srf.ch\/play\/tv\/para-graf-2020\/video\/jahn-graf-im-gespraech-mit-edith-wolf-hunkeler?urn=urn:srf:video:2bb747ba-c9cb-45e2-8d86-9d1cb48a5ddc\" target=\"_blank\" rel=\"noreferrer noopener\">Para-Graf am Er\u00f6ffnungstag mit Live-Interview nach der Er\u00f6ffnungsfeier<\/a><\/div>\n<\/div>\n\n\n\n<p>Der 100m Finallauf und das Interview danach (beim runterscrollen sichtbar)<\/p>\n\n\n\n<div class=\"wp-block-buttons is-layout-flex wp-block-buttons-is-layout-flex\">\n<div class=\"wp-block-button\"><a class=\"wp-block-button__link\" href=\"https:\/\/www.srf.ch\/sport\/mehr-sport\/paralympics\/paralympics-in-tokio-schweizerinnen-jubeln-schaer-holt-gold-debrunner-gewinnt-bronze\" target=\"_blank\" rel=\"noreferrer noopener\">100m Final und Interview<\/a><\/div>\n<\/div>\n\n\n\n<div class=\"wp-block-buttons is-layout-flex wp-block-buttons-is-layout-flex\"><\/div>\n\n\n\n<p>Nach meiner R\u00fcckkehr war ich zusammen mit Bigna Schmidt zu Gast im Para-Graf Magazin. Bigna ist Skifahrerin und steht mitten in den Vorbereitungen f\u00fcr Paralympics in Beijing 2022.<\/p>\n\n\n\n<div class=\"wp-block-buttons is-layout-flex wp-block-buttons-is-layout-flex\">\n<div class=\"wp-block-button\"><a class=\"wp-block-button__link\" href=\"https:\/\/www.srf.ch\/play\/tv\/para-graf-2020\/video\/jahn-graf-im-gespraech-bigna-schmidt-und-philipp-handler?urn=urn:srf:video:90ce03a5-16f5-4088-bc61-4a6cf56d49ce\" target=\"_blank\" rel=\"noreferrer noopener\">Sendung Para-Graf nach meiner R\u00fcckkehr aus Tokyo<\/a><\/div>\n<\/div>\n","protected":false},"excerpt":{"rendered":"<p>(As the below links refer to Swiss(german) broadcasts, below text is also only in German :-)) Obwohl in Tokyo selbst keine Zuschauer zugelassen waren, waren die Paralympics in der Schweiz medial einiges pr\u00e4senter als bei vergangenen Spielen. F\u00fcr die Paralympics [&hellip;]<\/p>\n","protected":false},"author":2,"featured_media":0,"comment_status":"closed","ping_status":"closed","sticky":false,"template":"","format":"standard","meta":{"ngg_post_thumbnail":0,"footnotes":""},"categories":[1],"tags":[],"class_list":["post-383","post","type-post","status-publish","format-standard","hentry","category-allgemein"],"_links":{"self":[{"href":"https:\/\/philipphandler.ch\/index.php?rest_route=\/wp\/v2\/posts\/383","targetHints":{"allow":["GET"]}}],"collection":[{"href":"https:\/\/philipphandler.ch\/index.php?rest_route=\/wp\/v2\/posts"}],"about":[{"href":"https:\/\/philipphandler.ch\/index.php?rest_route=\/wp\/v2\/types\/post"}],"author":[{"embeddable":true,"href":"https:\/\/philipphandler.ch\/index.php?rest_route=\/wp\/v2\/users\/2"}],"replies":[{"embeddable":true,"href":"https:\/\/philipphandler.ch\/index.php?rest_route=%2Fwp%2Fv2%2Fcomments&post=383"}],"version-history":[{"count":2,"href":"https:\/\/philipphandler.ch\/index.php?rest_route=\/wp\/v2\/posts\/383\/revisions"}],"predecessor-version":[{"id":385,"href":"https:\/\/philipphandler.ch\/index.php?rest_route=\/wp\/v2\/posts\/383\/revisions\/385"}],"wp:attachment":[{"href":"https:\/\/philipphandler.ch\/index.php?rest_route=%2Fwp%2Fv2%2Fmedia&parent=383"}],"wp:term":[{"taxonomy":"category","embeddable":true,"href":"https:\/\/philipphandler.ch\/index.php?rest_route=%2Fwp%2Fv2%2Fcategories&post=383"},{"taxonomy":"post_tag","embeddable":true,"href":"https:\/\/philipphandler.ch\/index.php?rest_route=%2Fwp%2Fv2%2Ftags&post=383"}],"curies":[{"name":"wp","href":"https:\/\/api.w.org\/{rel}","templated":true}]}}